{"id":493,"date":"2025-01-23T16:30:35","date_gmt":"2025-01-23T16:30:35","guid":{"rendered":"https:\/\/espoonseudunkulttuurisaatio.fi\/?p=493"},"modified":"2025-01-23T16:30:35","modified_gmt":"2025-01-23T16:30:35","slug":"vuoden-2024-apurahat-jaettiin-22-1-2025","status":"publish","type":"post","link":"https:\/\/espoonseudunkulttuurisaatio.fi\/?p=493","title":{"rendered":"VUODEN 2024 APURAHAT JAETTIIN 22.1.2025"},"content":{"rendered":"\n<p>Rannikkoprikaatin Merikappelissa pidettiin 22.1.2025 Espoon Seudun Kulttuuris\u00e4\u00e4ti\u00f6n apurahojen jakotilaisuus.<\/p>\n\n\n\n<p>Apurahan saivat:<\/p>\n\n\n\n<p>Veera Kuisma kuuden pelimannikappaleen \u00e4\u00e4nitt\u00e4miseen<\/p>\n\n\n\n<p>Merikappelin tuki ry Merikappelin 60-vuotisjuhlavuoden kulttuuritilaisuuksien j\u00e4rjest\u00e4miseen<\/p>\n\n\n\n<p>Santtu Multala mikserin hankintaan ja ty\u00f6llistymisen edist\u00e4miseen<\/p>\n\n\n\n<p>Alen Nsambu taiteelliseen ty\u00f6skentelyyn esitys- ja tanssitaiteilijana vuodelle 2025<\/p>\n\n\n\n<figure class=\"wp-block-image size-large\"><img loading=\"lazy\" decoding=\"async\" width=\"1024\" height=\"768\" src=\"https:\/\/espoonseudunkulttuurisaatio.fi\/wp-content\/uploads\/2025\/01\/2024-apurahansaajat-1024x768.jpg\" alt=\"\" class=\"wp-image-498\" srcset=\"https:\/\/espoonseudunkulttuurisaatio.fi\/wp-content\/uploads\/2025\/01\/2024-apurahansaajat-1024x768.jpg 1024w, https:\/\/espoonseudunkulttuurisaatio.fi\/wp-content\/uploads\/2025\/01\/2024-apurahansaajat-300x225.jpg 300w, https:\/\/espoonseudunkulttuurisaatio.fi\/wp-content\/uploads\/2025\/01\/2024-apurahansaajat-768x576.jpg 768w, https:\/\/espoonseudunkulttuurisaatio.fi\/wp-content\/uploads\/2025\/01\/2024-apurahansaajat-1536x1152.jpg 1536w, https:\/\/espoonseudunkulttuurisaatio.fi\/wp-content\/uploads\/2025\/01\/2024-apurahansaajat-2048x1536.jpg 2048w, https:\/\/espoonseudunkulttuurisaatio.fi\/wp-content\/uploads\/2025\/01\/2024-apurahansaajat-1200x900.jpg 1200w\" sizes=\"auto, (max-width: 1024px) 100vw, 1024px\" \/><\/figure>\n\n\n\n<p>Apurahan jakajat ja saajat kuvassa: s\u00e4\u00e4ti\u00f6n asiamies Sampo Suihko, hallituksen puheenjohtaja Hannu Viitanen, Veera Kuisma, Santtu Multalan puolesta apulaisrehtori Matti Matikainen ja komentaja Ville V\u00e4nsk\u00e4<\/p>\n\n\n\n\n\n<figure class=\"wp-block-image size-large\"><img loading=\"lazy\" decoding=\"async\" width=\"768\" height=\"1024\" src=\"https:\/\/espoonseudunkulttuurisaatio.fi\/wp-content\/uploads\/2025\/01\/Merikappelin-Tuki-ry-edustajat-768x1024.jpg\" alt=\"\" class=\"wp-image-499\" srcset=\"https:\/\/espoonseudunkulttuurisaatio.fi\/wp-content\/uploads\/2025\/01\/Merikappelin-Tuki-ry-edustajat-768x1024.jpg 768w, https:\/\/espoonseudunkulttuurisaatio.fi\/wp-content\/uploads\/2025\/01\/Merikappelin-Tuki-ry-edustajat-225x300.jpg 225w, https:\/\/espoonseudunkulttuurisaatio.fi\/wp-content\/uploads\/2025\/01\/Merikappelin-Tuki-ry-edustajat-1152x1536.jpg 1152w, https:\/\/espoonseudunkulttuurisaatio.fi\/wp-content\/uploads\/2025\/01\/Merikappelin-Tuki-ry-edustajat-1536x2048.jpg 1536w, https:\/\/espoonseudunkulttuurisaatio.fi\/wp-content\/uploads\/2025\/01\/Merikappelin-Tuki-ry-edustajat-1200x1600.jpg 1200w, https:\/\/espoonseudunkulttuurisaatio.fi\/wp-content\/uploads\/2025\/01\/Merikappelin-Tuki-ry-edustajat-scaled.jpg 1920w\" sizes=\"auto, (max-width: 768px) 100vw, 768px\" \/><\/figure>\n\n\n\n<p>Merikappelin Tuki ry:n edustajat sotilaspastori Henri Kivij\u00e4rvi, yhdistyksen hallituksen puheenjohtaja Ville V\u00e4nsk\u00e4 ja kapteeniluutnantti Tatu Vartiainen.<\/p>\n","protected":false},"excerpt":{"rendered":"<p>Rannikkoprikaatin Merikappelissa pidettiin 22.1.2025 Espoon Seudun Kulttuuris\u00e4\u00e4ti\u00f6n apurahojen jakotilaisuus. Apurahan saivat: Veera Kuisma kuuden pelimannikappaleen \u00e4\u00e4nitt\u00e4miseen Merikappelin tuki ry Merikappelin 60-vuotisjuhlavuoden kulttuuritilaisuuksien j\u00e4rjest\u00e4miseen Santtu Multala mikserin hankintaan ja ty\u00f6llistymisen edist\u00e4miseen Alen Nsambu taiteelliseen ty\u00f6skentelyyn esitys- ja tanssitaiteilijana vuodelle 2025 Apurahan jakajat ja saajat kuvassa: s\u00e4\u00e4ti\u00f6n asiamies Sampo Suihko, hallituksen puheenjohtaja Hannu Viitanen, Veera Kuisma, Santtu [&hellip;]<\/p>\n","protected":false},"author":1,"featured_media":0,"comment_status":"closed","ping_status":"open","sticky":false,"template":"","format":"standard","meta":{"footnotes":"","_links_to":"","_links_to_target":""},"categories":[1],"tags":[],"class_list":["post-493","post","type-post","status-publish","format-standard","hentry","category-uncategorized"],"_links":{"self":[{"href":"https:\/\/espoonseudunkulttuurisaatio.fi\/index.php?rest_route=\/wp\/v2\/posts\/493","targetHints":{"allow":["GET"]}}],"collection":[{"href":"https:\/\/espoonseudunkulttuurisaatio.fi\/index.php?rest_route=\/wp\/v2\/posts"}],"about":[{"href":"https:\/\/espoonseudunkulttuurisaatio.fi\/index.php?rest_route=\/wp\/v2\/types\/post"}],"author":[{"embeddable":true,"href":"https:\/\/espoonseudunkulttuurisaatio.fi\/index.php?rest_route=\/wp\/v2\/users\/1"}],"replies":[{"embeddable":true,"href":"https:\/\/espoonseudunkulttuurisaatio.fi\/index.php?rest_route=%2Fwp%2Fv2%2Fcomments&post=493"}],"version-history":[{"count":1,"href":"https:\/\/espoonseudunkulttuurisaatio.fi\/index.php?rest_route=\/wp\/v2\/posts\/493\/revisions"}],"predecessor-version":[{"id":500,"href":"https:\/\/espoonseudunkulttuurisaatio.fi\/index.php?rest_route=\/wp\/v2\/posts\/493\/revisions\/500"}],"wp:attachment":[{"href":"https:\/\/espoonseudunkulttuurisaatio.fi\/index.php?rest_route=%2Fwp%2Fv2%2Fmedia&parent=493"}],"wp:term":[{"taxonomy":"category","embeddable":true,"href":"https:\/\/espoonseudunkulttuurisaatio.fi\/index.php?rest_route=%2Fwp%2Fv2%2Fcategories&post=493"},{"taxonomy":"post_tag","embeddable":true,"href":"https:\/\/espoonseudunkulttuurisaatio.fi\/index.php?rest_route=%2Fwp%2Fv2%2Ftags&post=493"}],"curies":[{"name":"wp","href":"https:\/\/api.w.org\/{rel}","templated":true}]}}